{"id":3380,"date":"2025-09-29T12:24:21","date_gmt":"2025-09-29T10:24:21","guid":{"rendered":"https:\/\/hernanibhi.eus\/?p=3380"},"modified":"2025-09-29T12:24:21","modified_gmt":"2025-09-29T10:24:21","slug":"festival-de-cine-aat-en-rueda-de-prensa","status":"publish","type":"post","link":"https:\/\/hernanibhi.eus\/es\/festival-de-cine-aat-en-rueda-de-prensa\/","title":{"rendered":"FESTIVAL DE CINE: AAT EN RUEDA DE PRENSA"},"content":{"rendered":"<p><span style=\"font-weight: 400;\">El mi\u00e9rcoles, 25 de septiembre, el alumnado del Aula de Aprendizaje de Tareas acudi\u00f3 a la rueda de prensa de la pel\u00edcula \u201cUn fantasma en la batalla\u201d celebrada en el Kursaal. Fue una experiencia muy interesante poder vivir en directo el ambiente de la sala y escuchar de primera mano al director, actores y actrices delante de los medios de comunicaci\u00f3n.<\/span><\/p>\n<a href=\"https:\/\/hernanibhi.eus\/wp-content\/uploads\/2025\/09\/aretoa-2.jpeg\"><img loading=\"lazy\" decoding=\"async\" class=\"alignleft wp-image-3387 size-medium\" src=\"https:\/\/hernanibhi.eus\/wp-content\/uploads\/2025\/09\/aretoa-2-300x103.jpeg\" alt=\"\" width=\"300\" height=\"103\" srcset=\"https:\/\/hernanibhi.eus\/wp-content\/uploads\/2025\/09\/aretoa-2-300x103.jpeg 300w, https:\/\/hernanibhi.eus\/wp-content\/uploads\/2025\/09\/aretoa-2-1024x351.jpeg 1024w, https:\/\/hernanibhi.eus\/wp-content\/uploads\/2025\/09\/aretoa-2-768x263.jpeg 768w, https:\/\/hernanibhi.eus\/wp-content\/uploads\/2025\/09\/aretoa-2-1536x527.jpeg 1536w, https:\/\/hernanibhi.eus\/wp-content\/uploads\/2025\/09\/aretoa-2.jpeg 2048w\" sizes=\"auto, (max-width: 300px) 100vw, 300px\" \/><\/a> <a href=\"https:\/\/hernanibhi.eus\/wp-content\/uploads\/2025\/09\/aretoa-1.jpeg\"><img loading=\"lazy\" decoding=\"async\" class=\"alignleft wp-image-3389 size-medium\" src=\"https:\/\/hernanibhi.eus\/wp-content\/uploads\/2025\/09\/aretoa-1-300x169.jpeg\" alt=\"\" width=\"300\" height=\"169\" srcset=\"https:\/\/hernanibhi.eus\/wp-content\/uploads\/2025\/09\/aretoa-1-300x169.jpeg 300w, https:\/\/hernanibhi.eus\/wp-content\/uploads\/2025\/09\/aretoa-1-1024x576.jpeg 1024w, https:\/\/hernanibhi.eus\/wp-content\/uploads\/2025\/09\/aretoa-1-768x432.jpeg 768w, https:\/\/hernanibhi.eus\/wp-content\/uploads\/2025\/09\/aretoa-1-1536x864.jpeg 1536w, https:\/\/hernanibhi.eus\/wp-content\/uploads\/2025\/09\/aretoa-1.jpeg 1600w\" sizes=\"auto, (max-width: 300px) 100vw, 300px\" \/><\/a> <a href=\"https:\/\/hernanibhi.eus\/wp-content\/uploads\/2025\/09\/pelikulako-taldea.png\"><img loading=\"lazy\" decoding=\"async\" class=\"alignleft wp-image-3382 size-medium\" src=\"https:\/\/hernanibhi.eus\/wp-content\/uploads\/2025\/09\/pelikulako-taldea-300x179.png\" alt=\"\" width=\"300\" height=\"179\" srcset=\"https:\/\/hernanibhi.eus\/wp-content\/uploads\/2025\/09\/pelikulako-taldea-300x179.png 300w, https:\/\/hernanibhi.eus\/wp-content\/uploads\/2025\/09\/pelikulako-taldea-1024x610.png 1024w, https:\/\/hernanibhi.eus\/wp-content\/uploads\/2025\/09\/pelikulako-taldea-768x458.png 768w, https:\/\/hernanibhi.eus\/wp-content\/uploads\/2025\/09\/pelikulako-taldea.png 1252w\" sizes=\"auto, (max-width: 300px) 100vw, 300px\" \/><\/a>\n<p style=\"text-align: center;\">\n<p style=\"text-align: center;\">\n","protected":false},"excerpt":{"rendered":"<p>El mi\u00e9rcoles, 25 de septiembre, el alumnado del Aula de Aprendizaje de Tareas acudi\u00f3 a la rueda de prensa de la pel\u00edcula \u201cUn fantasma en la batalla\u201d celebrada en el Kursaal. Fue una experiencia muy interesante poder vivir en directo el ambiente de la sala y escuchar de primera mano al director, actores y actrices [&hellip;]<\/p>\n","protected":false},"author":5,"featured_media":3385,"comment_status":"closed","ping_status":"closed","sticky":false,"template":"","format":"standard","meta":{"_acf_changed":false,"footnotes":""},"categories":[4,13],"tags":[],"class_list":["post-3380","post","type-post","status-publish","format-standard","has-post-thumbnail","hentry","category-noticias","category-noticias-alumnado"],"acf":[],"yoast_head":"<!-- This site is optimized with the Yoast SEO plugin v25.3.1 - https:\/\/yoast.com\/wordpress\/plugins\/seo\/ -->\n<title>FESTIVAL DE CINE: AAT EN RUEDA DE PRENSA | Hernani BHI Institutu publikoa<\/title>\n<meta name=\"robots\" content=\"index, follow, max-snippet:-1, max-image-preview:large, max-video-preview:-1\" \/>\n<link rel=\"canonical\" href=\"https:\/\/hernanibhi.eus\/es\/festival-de-cine-aat-en-rueda-de-prensa\/\" \/>\n<meta property=\"og:locale\" content=\"es_ES\" \/>\n<meta property=\"og:type\" content=\"article\" \/>\n<meta property=\"og:title\" content=\"FESTIVAL DE CINE: AAT EN RUEDA DE PRENSA | Hernani BHI Institutu publikoa\" \/>\n<meta property=\"og:description\" content=\"El mi\u00e9rcoles, 25 de septiembre, el alumnado del Aula de Aprendizaje de Tareas acudi\u00f3 a la rueda de prensa de la pel\u00edcula \u201cUn fantasma en la batalla\u201d celebrada en el Kursaal. Fue una experiencia muy interesante poder vivir en directo el ambiente de la sala y escuchar de primera mano al director, actores y actrices [&hellip;]\" \/>\n<meta property=\"og:url\" content=\"https:\/\/hernanibhi.eus\/es\/festival-de-cine-aat-en-rueda-de-prensa\/\" \/>\n<meta property=\"og:site_name\" content=\"Hernani BHI Institutu publikoa\" \/>\n<meta property=\"article:published_time\" content=\"2025-09-29T10:24:21+00:00\" \/>\n<meta property=\"og:image\" content=\"https:\/\/hernanibhi.eus\/wp-content\/uploads\/2025\/09\/taldeko-argazkia.jpeg\" \/>\n\t<meta property=\"og:image:width\" content=\"2048\" \/>\n\t<meta property=\"og:image:height\" content=\"1521\" \/>\n\t<meta property=\"og:image:type\" content=\"image\/jpeg\" \/>\n<meta name=\"author\" content=\"Erabiltzailea1\" \/>\n<meta name=\"twitter:card\" content=\"summary_large_image\" \/>\n<meta name=\"twitter:label1\" content=\"Escrito por\" \/>\n\t<meta name=\"twitter:data1\" content=\"Erabiltzailea1\" \/>\n\t<meta name=\"twitter:label2\" content=\"Tiempo de lectura\" \/>\n\t<meta name=\"twitter:data2\" content=\"2 minutos\" \/>\n<script type=\"application\/ld+json\" class=\"yoast-schema-graph\">{\"@context\":\"https:\/\/schema.org\",\"@graph\":[{\"@type\":\"Article\",\"@id\":\"https:\/\/hernanibhi.eus\/es\/festival-de-cine-aat-en-rueda-de-prensa\/#article\",\"isPartOf\":{\"@id\":\"https:\/\/hernanibhi.eus\/es\/festival-de-cine-aat-en-rueda-de-prensa\/\"},\"author\":{\"name\":\"Erabiltzailea1\",\"@id\":\"https:\/\/hernanibhi.eus\/es\/#\/schema\/person\/cb6417884b278d1565ca9a92121e3657\"},\"headline\":\"FESTIVAL DE CINE: AAT EN RUEDA DE PRENSA\",\"datePublished\":\"2025-09-29T10:24:21+00:00\",\"mainEntityOfPage\":{\"@id\":\"https:\/\/hernanibhi.eus\/es\/festival-de-cine-aat-en-rueda-de-prensa\/\"},\"wordCount\":71,\"publisher\":{\"@id\":\"https:\/\/hernanibhi.eus\/es\/#organization\"},\"image\":{\"@id\":\"https:\/\/hernanibhi.eus\/es\/festival-de-cine-aat-en-rueda-de-prensa\/#primaryimage\"},\"thumbnailUrl\":\"https:\/\/hernanibhi.eus\/wp-content\/uploads\/2025\/09\/taldeko-argazkia.jpeg\",\"articleSection\":[\"Noticias\",\"Noticias Alumnado\"],\"inLanguage\":\"es\"},{\"@type\":\"WebPage\",\"@id\":\"https:\/\/hernanibhi.eus\/es\/festival-de-cine-aat-en-rueda-de-prensa\/\",\"url\":\"https:\/\/hernanibhi.eus\/es\/festival-de-cine-aat-en-rueda-de-prensa\/\",\"name\":\"FESTIVAL DE CINE: AAT EN RUEDA DE PRENSA | Hernani BHI Institutu publikoa\",\"isPartOf\":{\"@id\":\"https:\/\/hernanibhi.eus\/es\/#website\"},\"primaryImageOfPage\":{\"@id\":\"https:\/\/hernanibhi.eus\/es\/festival-de-cine-aat-en-rueda-de-prensa\/#primaryimage\"},\"image\":{\"@id\":\"https:\/\/hernanibhi.eus\/es\/festival-de-cine-aat-en-rueda-de-prensa\/#primaryimage\"},\"thumbnailUrl\":\"https:\/\/hernanibhi.eus\/wp-content\/uploads\/2025\/09\/taldeko-argazkia.jpeg\",\"datePublished\":\"2025-09-29T10:24:21+00:00\",\"breadcrumb\":{\"@id\":\"https:\/\/hernanibhi.eus\/es\/festival-de-cine-aat-en-rueda-de-prensa\/#breadcrumb\"},\"inLanguage\":\"es\",\"potentialAction\":[{\"@type\":\"ReadAction\",\"target\":[\"https:\/\/hernanibhi.eus\/es\/festival-de-cine-aat-en-rueda-de-prensa\/\"]}]},{\"@type\":\"ImageObject\",\"inLanguage\":\"es\",\"@id\":\"https:\/\/hernanibhi.eus\/es\/festival-de-cine-aat-en-rueda-de-prensa\/#primaryimage\",\"url\":\"https:\/\/hernanibhi.eus\/wp-content\/uploads\/2025\/09\/taldeko-argazkia.jpeg\",\"contentUrl\":\"https:\/\/hernanibhi.eus\/wp-content\/uploads\/2025\/09\/taldeko-argazkia.jpeg\",\"width\":2048,\"height\":1521},{\"@type\":\"BreadcrumbList\",\"@id\":\"https:\/\/hernanibhi.eus\/es\/festival-de-cine-aat-en-rueda-de-prensa\/#breadcrumb\",\"itemListElement\":[{\"@type\":\"ListItem\",\"position\":1,\"name\":\"Home\",\"item\":\"https:\/\/hernanibhi.eus\/es\/\"},{\"@type\":\"ListItem\",\"position\":2,\"name\":\"FESTIVAL DE CINE: AAT EN RUEDA DE PRENSA\"}]},{\"@type\":\"WebSite\",\"@id\":\"https:\/\/hernanibhi.eus\/es\/#website\",\"url\":\"https:\/\/hernanibhi.eus\/es\/\",\"name\":\"Hernani BHI Institutu publikoa\",\"description\":\"\",\"publisher\":{\"@id\":\"https:\/\/hernanibhi.eus\/es\/#organization\"},\"potentialAction\":[{\"@type\":\"SearchAction\",\"target\":{\"@type\":\"EntryPoint\",\"urlTemplate\":\"https:\/\/hernanibhi.eus\/es\/?s={search_term_string}\"},\"query-input\":{\"@type\":\"PropertyValueSpecification\",\"valueRequired\":true,\"valueName\":\"search_term_string\"}}],\"inLanguage\":\"es\"},{\"@type\":\"Organization\",\"@id\":\"https:\/\/hernanibhi.eus\/es\/#organization\",\"name\":\"Hernani BHI Institutu publikoa\",\"url\":\"https:\/\/hernanibhi.eus\/es\/\",\"logo\":{\"@type\":\"ImageObject\",\"inLanguage\":\"es\",\"@id\":\"https:\/\/hernanibhi.eus\/es\/#\/schema\/logo\/image\/\",\"url\":\"https:\/\/hernanibhi.eus\/wp-content\/uploads\/2024\/05\/hernaniBHI_logoa_d-1.png\",\"contentUrl\":\"https:\/\/hernanibhi.eus\/wp-content\/uploads\/2024\/05\/hernaniBHI_logoa_d-1.png\",\"width\":200,\"height\":94,\"caption\":\"Hernani BHI Institutu publikoa\"},\"image\":{\"@id\":\"https:\/\/hernanibhi.eus\/es\/#\/schema\/logo\/image\/\"}},{\"@type\":\"Person\",\"@id\":\"https:\/\/hernanibhi.eus\/es\/#\/schema\/person\/cb6417884b278d1565ca9a92121e3657\",\"name\":\"Erabiltzailea1\",\"image\":{\"@type\":\"ImageObject\",\"inLanguage\":\"es\",\"@id\":\"https:\/\/hernanibhi.eus\/es\/#\/schema\/person\/image\/\",\"url\":\"https:\/\/secure.gravatar.com\/avatar\/0686c2252b5079016720d8604140a65a57592fa979d07feaa2dc79fbdaca2da8?s=96&d=mm&r=g\",\"contentUrl\":\"https:\/\/secure.gravatar.com\/avatar\/0686c2252b5079016720d8604140a65a57592fa979d07feaa2dc79fbdaca2da8?s=96&d=mm&r=g\",\"caption\":\"Erabiltzailea1\"}}]}<\/script>\n<!-- \/ Yoast SEO plugin. -->","yoast_head_json":{"title":"FESTIVAL DE CINE: AAT EN RUEDA DE PRENSA | Hernani BHI Institutu publikoa","robots":{"index":"index","follow":"follow","max-snippet":"max-snippet:-1","max-image-preview":"max-image-preview:large","max-video-preview":"max-video-preview:-1"},"canonical":"https:\/\/hernanibhi.eus\/es\/festival-de-cine-aat-en-rueda-de-prensa\/","og_locale":"es_ES","og_type":"article","og_title":"FESTIVAL DE CINE: AAT EN RUEDA DE PRENSA | Hernani BHI Institutu publikoa","og_description":"El mi\u00e9rcoles, 25 de septiembre, el alumnado del Aula de Aprendizaje de Tareas acudi\u00f3 a la rueda de prensa de la pel\u00edcula \u201cUn fantasma en la batalla\u201d celebrada en el Kursaal. Fue una experiencia muy interesante poder vivir en directo el ambiente de la sala y escuchar de primera mano al director, actores y actrices [&hellip;]","og_url":"https:\/\/hernanibhi.eus\/es\/festival-de-cine-aat-en-rueda-de-prensa\/","og_site_name":"Hernani BHI Institutu publikoa","article_published_time":"2025-09-29T10:24:21+00:00","og_image":[{"width":2048,"height":1521,"url":"https:\/\/hernanibhi.eus\/wp-content\/uploads\/2025\/09\/taldeko-argazkia.jpeg","type":"image\/jpeg"}],"author":"Erabiltzailea1","twitter_card":"summary_large_image","twitter_misc":{"Escrito por":"Erabiltzailea1","Tiempo de lectura":"2 minutos"},"schema":{"@context":"https:\/\/schema.org","@graph":[{"@type":"Article","@id":"https:\/\/hernanibhi.eus\/es\/festival-de-cine-aat-en-rueda-de-prensa\/#article","isPartOf":{"@id":"https:\/\/hernanibhi.eus\/es\/festival-de-cine-aat-en-rueda-de-prensa\/"},"author":{"name":"Erabiltzailea1","@id":"https:\/\/hernanibhi.eus\/es\/#\/schema\/person\/cb6417884b278d1565ca9a92121e3657"},"headline":"FESTIVAL DE CINE: AAT EN RUEDA DE PRENSA","datePublished":"2025-09-29T10:24:21+00:00","mainEntityOfPage":{"@id":"https:\/\/hernanibhi.eus\/es\/festival-de-cine-aat-en-rueda-de-prensa\/"},"wordCount":71,"publisher":{"@id":"https:\/\/hernanibhi.eus\/es\/#organization"},"image":{"@id":"https:\/\/hernanibhi.eus\/es\/festival-de-cine-aat-en-rueda-de-prensa\/#primaryimage"},"thumbnailUrl":"https:\/\/hernanibhi.eus\/wp-content\/uploads\/2025\/09\/taldeko-argazkia.jpeg","articleSection":["Noticias","Noticias Alumnado"],"inLanguage":"es"},{"@type":"WebPage","@id":"https:\/\/hernanibhi.eus\/es\/festival-de-cine-aat-en-rueda-de-prensa\/","url":"https:\/\/hernanibhi.eus\/es\/festival-de-cine-aat-en-rueda-de-prensa\/","name":"FESTIVAL DE CINE: AAT EN RUEDA DE PRENSA | Hernani BHI Institutu publikoa","isPartOf":{"@id":"https:\/\/hernanibhi.eus\/es\/#website"},"primaryImageOfPage":{"@id":"https:\/\/hernanibhi.eus\/es\/festival-de-cine-aat-en-rueda-de-prensa\/#primaryimage"},"image":{"@id":"https:\/\/hernanibhi.eus\/es\/festival-de-cine-aat-en-rueda-de-prensa\/#primaryimage"},"thumbnailUrl":"https:\/\/hernanibhi.eus\/wp-content\/uploads\/2025\/09\/taldeko-argazkia.jpeg","datePublished":"2025-09-29T10:24:21+00:00","breadcrumb":{"@id":"https:\/\/hernanibhi.eus\/es\/festival-de-cine-aat-en-rueda-de-prensa\/#breadcrumb"},"inLanguage":"es","potentialAction":[{"@type":"ReadAction","target":["https:\/\/hernanibhi.eus\/es\/festival-de-cine-aat-en-rueda-de-prensa\/"]}]},{"@type":"ImageObject","inLanguage":"es","@id":"https:\/\/hernanibhi.eus\/es\/festival-de-cine-aat-en-rueda-de-prensa\/#primaryimage","url":"https:\/\/hernanibhi.eus\/wp-content\/uploads\/2025\/09\/taldeko-argazkia.jpeg","contentUrl":"https:\/\/hernanibhi.eus\/wp-content\/uploads\/2025\/09\/taldeko-argazkia.jpeg","width":2048,"height":1521},{"@type":"BreadcrumbList","@id":"https:\/\/hernanibhi.eus\/es\/festival-de-cine-aat-en-rueda-de-prensa\/#breadcrumb","itemListElement":[{"@type":"ListItem","position":1,"name":"Home","item":"https:\/\/hernanibhi.eus\/es\/"},{"@type":"ListItem","position":2,"name":"FESTIVAL DE CINE: AAT EN RUEDA DE PRENSA"}]},{"@type":"WebSite","@id":"https:\/\/hernanibhi.eus\/es\/#website","url":"https:\/\/hernanibhi.eus\/es\/","name":"Hernani BHI Institutu publikoa","description":"","publisher":{"@id":"https:\/\/hernanibhi.eus\/es\/#organization"},"potentialAction":[{"@type":"SearchAction","target":{"@type":"EntryPoint","urlTemplate":"https:\/\/hernanibhi.eus\/es\/?s={search_term_string}"},"query-input":{"@type":"PropertyValueSpecification","valueRequired":true,"valueName":"search_term_string"}}],"inLanguage":"es"},{"@type":"Organization","@id":"https:\/\/hernanibhi.eus\/es\/#organization","name":"Hernani BHI Institutu publikoa","url":"https:\/\/hernanibhi.eus\/es\/","logo":{"@type":"ImageObject","inLanguage":"es","@id":"https:\/\/hernanibhi.eus\/es\/#\/schema\/logo\/image\/","url":"https:\/\/hernanibhi.eus\/wp-content\/uploads\/2024\/05\/hernaniBHI_logoa_d-1.png","contentUrl":"https:\/\/hernanibhi.eus\/wp-content\/uploads\/2024\/05\/hernaniBHI_logoa_d-1.png","width":200,"height":94,"caption":"Hernani BHI Institutu publikoa"},"image":{"@id":"https:\/\/hernanibhi.eus\/es\/#\/schema\/logo\/image\/"}},{"@type":"Person","@id":"https:\/\/hernanibhi.eus\/es\/#\/schema\/person\/cb6417884b278d1565ca9a92121e3657","name":"Erabiltzailea1","image":{"@type":"ImageObject","inLanguage":"es","@id":"https:\/\/hernanibhi.eus\/es\/#\/schema\/person\/image\/","url":"https:\/\/secure.gravatar.com\/avatar\/0686c2252b5079016720d8604140a65a57592fa979d07feaa2dc79fbdaca2da8?s=96&d=mm&r=g","contentUrl":"https:\/\/secure.gravatar.com\/avatar\/0686c2252b5079016720d8604140a65a57592fa979d07feaa2dc79fbdaca2da8?s=96&d=mm&r=g","caption":"Erabiltzailea1"}}]}},"_links":{"self":[{"href":"https:\/\/hernanibhi.eus\/es\/wp-json\/wp\/v2\/posts\/3380","targetHints":{"allow":["GET"]}}],"collection":[{"href":"https:\/\/hernanibhi.eus\/es\/wp-json\/wp\/v2\/posts"}],"about":[{"href":"https:\/\/hernanibhi.eus\/es\/wp-json\/wp\/v2\/types\/post"}],"author":[{"embeddable":true,"href":"https:\/\/hernanibhi.eus\/es\/wp-json\/wp\/v2\/users\/5"}],"replies":[{"embeddable":true,"href":"https:\/\/hernanibhi.eus\/es\/wp-json\/wp\/v2\/comments?post=3380"}],"version-history":[{"count":1,"href":"https:\/\/hernanibhi.eus\/es\/wp-json\/wp\/v2\/posts\/3380\/revisions"}],"predecessor-version":[{"id":3391,"href":"https:\/\/hernanibhi.eus\/es\/wp-json\/wp\/v2\/posts\/3380\/revisions\/3391"}],"wp:featuredmedia":[{"embeddable":true,"href":"https:\/\/hernanibhi.eus\/es\/wp-json\/wp\/v2\/media\/3385"}],"wp:attachment":[{"href":"https:\/\/hernanibhi.eus\/es\/wp-json\/wp\/v2\/media?parent=3380"}],"wp:term":[{"taxonomy":"category","embeddable":true,"href":"https:\/\/hernanibhi.eus\/es\/wp-json\/wp\/v2\/categories?post=3380"},{"taxonomy":"post_tag","embeddable":true,"href":"https:\/\/hernanibhi.eus\/es\/wp-json\/wp\/v2\/tags?post=3380"}],"curies":[{"name":"wp","href":"https:\/\/api.w.org\/{rel}","templated":true}]}}